{"id":775,"date":"2020-05-19T15:06:33","date_gmt":"2020-05-19T13:06:33","guid":{"rendered":"http:\/\/www.sadeckasamochodowka.pl\/?p=775"},"modified":"2020-05-19T15:07:58","modified_gmt":"2020-05-19T13:07:58","slug":"sukces-albumu-65-lat-zss-im-inz-tadeusza-tanskiego-w-nowym-saczu","status":"publish","type":"post","link":"https:\/\/www.sadeckasamochodowka.pl\/?p=775","title":{"rendered":"Sukces Albumu &#8222;65 lat ZSS im. in\u017c. Tadeusza Ta\u0144skiego w Nowym S\u0105czu"},"content":{"rendered":"<p>Dopiero niedawno uko\u0144czyli\u015bmy druk Albumu <strong>&#8222;65 lat Zespo\u0142u Szk\u00f3\u0142 Samochodowych im. in\u017c Tadeusza Ta\u0144skiego w Nowym S\u0105czu&#8221;,<\/strong> a ju\u017c ponad 100 egzemplarzy trafi\u0142o do zainteresowanych czytelnik\u00f3w. Otrzymujemy wiele ciep\u0142ych s\u0142\u00f3w, wyraz\u00f3w uznania i szacunku za w\u0142o\u017cony wk\u0142ad w powstanie takiej obszernej &#8222;ceg\u0142\u00f3wki&#8221; b\u0119d\u0105cej pere\u0142eczk\u0105 dla os\u00f3b zwi\u0105zanych ze szko\u0142\u0105. Wszystkie te dowody uznania przekazujemy oczywi\u015bcie redaktorowi prowadz\u0105cemu Panu <strong>S\u0142awomirowi Sikorze<\/strong>, bo to nasz pomys\u0142, a jego wykonanie \ud83d\ude42<br \/>\nDzi\u0119kujemy za mi\u0142e s\u0142owa!<br \/>\nO tym, \u017ce jeste\u015bcie uwa\u017cnymi czytelnikami \u015bwiadcz\u0105 r\u00f3wnie\u017c konstruktywne uwagi o wyst\u0119puj\u0105cych w wydawnictwie pomy\u0142kach, chchlikach drukarskich i przeoczeniach. Kto nic nie robi si\u0119 nie myli &#8230;<br \/>\nZg\u0142aszajcie wi\u0119c, uwagi i propozycje do ERRATY na adres biuro@sadeckasamochod\u00f3wka.pl. W za\u0142aczeniu wz\u00f3r zg\u0142oszenia.\u00a0<a href=\"https:\/\/www.sadeckasamochodowka.pl\/wp-content\/uploads\/2020\/05\/errata.pdf\"><img decoding=\"async\" class=\"aligncenter size-thumbnail wp-image-757\" src=\"https:\/\/www.sadeckasamochodowka.pl\/wp-content\/uploads\/2020\/03\/ikona_pdf-150x150.jpg\" alt=\"\" width=\"150\" height=\"150\" srcset=\"https:\/\/www.sadeckasamochodowka.pl\/wp-content\/uploads\/2020\/03\/ikona_pdf-150x150.jpg 150w, https:\/\/www.sadeckasamochodowka.pl\/wp-content\/uploads\/2020\/03\/ikona_pdf.jpg 161w\" sizes=\"(max-width: 150px) 100vw, 150px\" \/><\/a><br \/>\nDzi\u0119kujemy za pomoc!!!<\/p>\n","protected":false},"excerpt":{"rendered":"<p>Dopiero niedawno uko\u0144czyli\u015bmy druk Albumu &#8222;65 lat Zespo\u0142u Szk\u00f3\u0142 Samochodowych im. in\u017c Tadeusza Ta\u0144skiego w Nowym S\u0105czu&#8221;, a ju\u017c ponad&nbsp;[&hellip;]<\/p>\n","protected":false},"author":2,"featured_media":767,"comment_status":"open","ping_status":"open","sticky":false,"template":"","format":"standard","meta":{"footnotes":""},"categories":[6,1],"tags":[],"class_list":["post-775","post","type-post","status-publish","format-standard","has-post-thumbnail","hentry","category-aktualnosci","category-bez-kategorii","post-item clearfix"],"_links":{"self":[{"href":"https:\/\/www.sadeckasamochodowka.pl\/index.php?rest_route=\/wp\/v2\/posts\/775","targetHints":{"allow":["GET"]}}],"collection":[{"href":"https:\/\/www.sadeckasamochodowka.pl\/index.php?rest_route=\/wp\/v2\/posts"}],"about":[{"href":"https:\/\/www.sadeckasamochodowka.pl\/index.php?rest_route=\/wp\/v2\/types\/post"}],"author":[{"embeddable":true,"href":"https:\/\/www.sadeckasamochodowka.pl\/index.php?rest_route=\/wp\/v2\/users\/2"}],"replies":[{"embeddable":true,"href":"https:\/\/www.sadeckasamochodowka.pl\/index.php?rest_route=%2Fwp%2Fv2%2Fcomments&post=775"}],"version-history":[{"count":2,"href":"https:\/\/www.sadeckasamochodowka.pl\/index.php?rest_route=\/wp\/v2\/posts\/775\/revisions"}],"predecessor-version":[{"id":778,"href":"https:\/\/www.sadeckasamochodowka.pl\/index.php?rest_route=\/wp\/v2\/posts\/775\/revisions\/778"}],"wp:featuredmedia":[{"embeddable":true,"href":"https:\/\/www.sadeckasamochodowka.pl\/index.php?rest_route=\/wp\/v2\/media\/767"}],"wp:attachment":[{"href":"https:\/\/www.sadeckasamochodowka.pl\/index.php?rest_route=%2Fwp%2Fv2%2Fmedia&parent=775"}],"wp:term":[{"taxonomy":"category","embeddable":true,"href":"https:\/\/www.sadeckasamochodowka.pl\/index.php?rest_route=%2Fwp%2Fv2%2Fcategories&post=775"},{"taxonomy":"post_tag","embeddable":true,"href":"https:\/\/www.sadeckasamochodowka.pl\/index.php?rest_route=%2Fwp%2Fv2%2Ftags&post=775"}],"curies":[{"name":"wp","href":"https:\/\/api.w.org\/{rel}","templated":true}]}}