{"id":756,"date":"2020-03-26T06:10:21","date_gmt":"2020-03-26T05:10:21","guid":{"rendered":"http:\/\/www.sadeckasamochodowka.pl\/?p=756"},"modified":"2020-03-26T06:12:39","modified_gmt":"2020-03-26T05:12:39","slug":"dobry-tygodnik-sadecki-o-nas","status":"publish","type":"post","link":"https:\/\/www.sadeckasamochodowka.pl\/?p=756","title":{"rendered":"Dobry Tygodnik S\u0105decki o nas"},"content":{"rendered":"<p>Pobierz najnowszy numer\u00a0<a class=\"profileLink\" href=\"https:\/\/www.facebook.com\/DobryTygodnikSadecki\/?__tn__=K-R&amp;eid=ARCddBb62kDgzy5IVbdzXW6UdT39th-CTwLJbRiCgYQi3V9sejQNPatD4GXFksruQpf6oqWXHqM2j-cu&amp;fref=mentions&amp;__xts__%5B0%5D=68.ARDtRJSvvlVjrx0MM7Sj1269iio6IN-Ci3tVvgxQEVf6g-fmrukjoCr4vgrVYw8aLMxfVOf0dm-7JoqItCjtOwhkYMF8tjhBByPOpUhNQcuThK7r46n9fL1sUDcf7OwUhAdQDzeB1nVMfMVlKV_U2j_6d82eoWdon2qIFsoNeq4JsVb3X_RITDhr_BdnlYphrTQ-26aRXCkpwN5cOI__2KkAFz2V7NC7L_E9Xj0DVJ5TwW_ob0PlJvytVI9wwqFXQ5IN7soxKVNjQojvMjBbLGVHm9qyEOXCYqW-oadPhWRr6t_Yb9TTwkwwji45XJtj5NZRLzCdaqdthxjweuNppyg_c0vJP8E2Nfde\" data-hovercard=\"\/ajax\/hovercard\/page.php?id=206145042756307&amp;extragetparams=%7B%22__tn__%22%3A%22%2CdK-R-R%22%2C%22eid%22%3A%22ARCddBb62kDgzy5IVbdzXW6UdT39th-CTwLJbRiCgYQi3V9sejQNPatD4GXFksruQpf6oqWXHqM2j-cu%22%2C%22fref%22%3A%22mentions%22%7D\" data-hovercard-prefer-more-content-show=\"1\">Dobry Tygodnik S\u0105decki<\/a>. !!!<br \/>\nDzi\u0119ki patronatowi medialnemu i wsp\u00f3\u0142pracy z DTS mamy \u201esw\u00f3j\u201d jubileuszowy numer.Szczeg\u00f3lnie frapuj\u0105cy dla by\u0142ych i obecnych uczni\u00f3w Samochod\u00f3wki, sympatyk\u00f3w, nauczycieli. Dzi\u0119kujemy wydawcy, dziennikarzom za przygotowanie dla nas tak Wasznego wydawnictwa\u00a0<span class=\"_47e3 _5mfr\" title=\"Emotikon smile\"><img decoding=\"async\" class=\"img\" role=\"presentation\" src=\"https:\/\/static.xx.fbcdn.net\/images\/emoji.php\/v9\/ta5\/1.5\/16\/1f642.png\" alt=\"\" width=\"16\" height=\"16\" \/><\/span><span class=\"_5mfr\"><span class=\"_6qdm\">\ud83d\udc4d<\/span><\/span><span class=\"_5mfr\"><span class=\"_6qdm\">\ud83d\udc4f<\/span><\/span><span class=\"_5mfr\"><span class=\"_6qdm\">\ud83e\udd1d<\/span><\/span><\/p>\n<p>Znajdziesz wnim m.in. historie Zespo\u0142u Szk\u00f3\u0142 Samochodowych i wspomnienia absolwent\u00f3w str. 5-18<\/p>\n<p><strong>Zapraszamy do lektury!<\/strong><\/p>\n<p><a href=\"https:\/\/www.sadeckasamochodowka.pl\/wp-content\/uploads\/2020\/03\/13-2020-1.pdf\"><img decoding=\"async\" class=\"aligncenter wp-image-757 size-thumbnail\" src=\"https:\/\/www.sadeckasamochodowka.pl\/wp-content\/uploads\/2020\/03\/ikona_pdf-150x150.jpg\" alt=\"\" width=\"150\" height=\"150\" srcset=\"https:\/\/www.sadeckasamochodowka.pl\/wp-content\/uploads\/2020\/03\/ikona_pdf-150x150.jpg 150w, https:\/\/www.sadeckasamochodowka.pl\/wp-content\/uploads\/2020\/03\/ikona_pdf.jpg 161w\" sizes=\"(max-width: 150px) 100vw, 150px\" \/><\/a><\/p>\n","protected":false},"excerpt":{"rendered":"<p>Pobierz najnowszy numer\u00a0Dobry Tygodnik S\u0105decki. !!! Dzi\u0119ki patronatowi medialnemu i wsp\u00f3\u0142pracy z DTS mamy \u201esw\u00f3j\u201d jubileuszowy numer.Szczeg\u00f3lnie frapuj\u0105cy dla by\u0142ych&nbsp;[&hellip;]<\/p>\n","protected":false},"author":2,"featured_media":760,"comment_status":"open","ping_status":"open","sticky":false,"template":"","format":"standard","meta":{"footnotes":""},"categories":[6],"tags":[],"class_list":["post-756","post","type-post","status-publish","format-standard","has-post-thumbnail","hentry","category-aktualnosci","post-item clearfix"],"_links":{"self":[{"href":"https:\/\/www.sadeckasamochodowka.pl\/index.php?rest_route=\/wp\/v2\/posts\/756","targetHints":{"allow":["GET"]}}],"collection":[{"href":"https:\/\/www.sadeckasamochodowka.pl\/index.php?rest_route=\/wp\/v2\/posts"}],"about":[{"href":"https:\/\/www.sadeckasamochodowka.pl\/index.php?rest_route=\/wp\/v2\/types\/post"}],"author":[{"embeddable":true,"href":"https:\/\/www.sadeckasamochodowka.pl\/index.php?rest_route=\/wp\/v2\/users\/2"}],"replies":[{"embeddable":true,"href":"https:\/\/www.sadeckasamochodowka.pl\/index.php?rest_route=%2Fwp%2Fv2%2Fcomments&post=756"}],"version-history":[{"count":1,"href":"https:\/\/www.sadeckasamochodowka.pl\/index.php?rest_route=\/wp\/v2\/posts\/756\/revisions"}],"predecessor-version":[{"id":759,"href":"https:\/\/www.sadeckasamochodowka.pl\/index.php?rest_route=\/wp\/v2\/posts\/756\/revisions\/759"}],"wp:featuredmedia":[{"embeddable":true,"href":"https:\/\/www.sadeckasamochodowka.pl\/index.php?rest_route=\/wp\/v2\/media\/760"}],"wp:attachment":[{"href":"https:\/\/www.sadeckasamochodowka.pl\/index.php?rest_route=%2Fwp%2Fv2%2Fmedia&parent=756"}],"wp:term":[{"taxonomy":"category","embeddable":true,"href":"https:\/\/www.sadeckasamochodowka.pl\/index.php?rest_route=%2Fwp%2Fv2%2Fcategories&post=756"},{"taxonomy":"post_tag","embeddable":true,"href":"https:\/\/www.sadeckasamochodowka.pl\/index.php?rest_route=%2Fwp%2Fv2%2Ftags&post=756"}],"curies":[{"name":"wp","href":"https:\/\/api.w.org\/{rel}","templated":true}]}}