{"id":696,"date":"2019-05-30T23:57:11","date_gmt":"2019-05-30T21:57:11","guid":{"rendered":"http:\/\/www.sadeckasamochodowka.pl\/?p=696"},"modified":"2019-09-28T00:05:34","modified_gmt":"2019-09-27T22:05:34","slug":"patronat-honorowy-marszalka-wojewodztwa-malopolskiego","status":"publish","type":"post","link":"https:\/\/www.sadeckasamochodowka.pl\/?p=696","title":{"rendered":"Patronat honorowy Marsza\u0142ka Wojew\u00f3dztwa Ma\u0142opolskiego"},"content":{"rendered":"<p>Pan Witold Koz\u0142owski, Marsza\u0142ek Wojew\u00f3dztwa Ma\u0142opolskiego obj\u0105\u0142 patronatem Jubileusz 65-lecia powstania Zespo\u0142u Szk\u00f3\u0142 Samochodowych im. in\u017c. Tadeusza Ta\u0144skiego. Dzi\u0119kujemy i liczymy na wsparcie naszej inicjatywy, szczeg\u00f3lnie pomys\u0142u wydania monografii szko\u0142y.<\/p>\n<p><a href=\"https:\/\/www.sadeckasamochodowka.pl\/wp-content\/uploads\/2019\/09\/List_patronat-honorowy_KZ-I.jpg\"><img decoding=\"async\" class=\"aligncenter size-thumbnail wp-image-698\" src=\"https:\/\/www.sadeckasamochodowka.pl\/wp-content\/uploads\/2019\/09\/List_patronat-honorowy_KZ-I-150x150.jpg\" alt=\"\" width=\"150\" height=\"150\" srcset=\"https:\/\/www.sadeckasamochodowka.pl\/wp-content\/uploads\/2019\/09\/List_patronat-honorowy_KZ-I-150x150.jpg 150w, https:\/\/www.sadeckasamochodowka.pl\/wp-content\/uploads\/2019\/09\/List_patronat-honorowy_KZ-I-280x280.jpg 280w\" sizes=\"(max-width: 150px) 100vw, 150px\" \/><\/a><\/p>\n<p><a href=\"https:\/\/www.sadeckasamochodowka.pl\/wp-content\/uploads\/2019\/09\/List_patronat-honorowy_KZ-I.004.410.2019.pdf\">List_patronat honorowy_KZ-I.004.410.2019<\/a><\/p>\n","protected":false},"excerpt":{"rendered":"<p>Pan Witold Koz\u0142owski, Marsza\u0142ek Wojew\u00f3dztwa Ma\u0142opolskiego obj\u0105\u0142 patronatem Jubileusz 65-lecia powstania Zespo\u0142u Szk\u00f3\u0142 Samochodowych im. in\u017c. Tadeusza Ta\u0144skiego. Dzi\u0119kujemy i&nbsp;[&hellip;]<\/p>\n","protected":false},"author":2,"featured_media":701,"comment_status":"open","ping_status":"open","sticky":false,"template":"","format":"standard","meta":{"footnotes":""},"categories":[6,7],"tags":[33,38,37],"class_list":["post-696","post","type-post","status-publish","format-standard","has-post-thumbnail","hentry","category-aktualnosci","category-aktualnosci-ze-szkoly","tag-jubileusz","tag-marszalek","tag-patrona","post-item clearfix"],"_links":{"self":[{"href":"https:\/\/www.sadeckasamochodowka.pl\/index.php?rest_route=\/wp\/v2\/posts\/696","targetHints":{"allow":["GET"]}}],"collection":[{"href":"https:\/\/www.sadeckasamochodowka.pl\/index.php?rest_route=\/wp\/v2\/posts"}],"about":[{"href":"https:\/\/www.sadeckasamochodowka.pl\/index.php?rest_route=\/wp\/v2\/types\/post"}],"author":[{"embeddable":true,"href":"https:\/\/www.sadeckasamochodowka.pl\/index.php?rest_route=\/wp\/v2\/users\/2"}],"replies":[{"embeddable":true,"href":"https:\/\/www.sadeckasamochodowka.pl\/index.php?rest_route=%2Fwp%2Fv2%2Fcomments&post=696"}],"version-history":[{"count":1,"href":"https:\/\/www.sadeckasamochodowka.pl\/index.php?rest_route=\/wp\/v2\/posts\/696\/revisions"}],"predecessor-version":[{"id":699,"href":"https:\/\/www.sadeckasamochodowka.pl\/index.php?rest_route=\/wp\/v2\/posts\/696\/revisions\/699"}],"wp:featuredmedia":[{"embeddable":true,"href":"https:\/\/www.sadeckasamochodowka.pl\/index.php?rest_route=\/wp\/v2\/media\/701"}],"wp:attachment":[{"href":"https:\/\/www.sadeckasamochodowka.pl\/index.php?rest_route=%2Fwp%2Fv2%2Fmedia&parent=696"}],"wp:term":[{"taxonomy":"category","embeddable":true,"href":"https:\/\/www.sadeckasamochodowka.pl\/index.php?rest_route=%2Fwp%2Fv2%2Fcategories&post=696"},{"taxonomy":"post_tag","embeddable":true,"href":"https:\/\/www.sadeckasamochodowka.pl\/index.php?rest_route=%2Fwp%2Fv2%2Ftags&post=696"}],"curies":[{"name":"wp","href":"https:\/\/api.w.org\/{rel}","templated":true}]}}