{"id":3979,"date":"2025-01-18T19:27:19","date_gmt":"2025-01-18T18:27:19","guid":{"rendered":"https:\/\/www.sadeckasamochodowka.pl\/?p=3979"},"modified":"2025-01-19T19:27:45","modified_gmt":"2025-01-19T18:27:45","slug":"wizyta-delegacji-stowarzyszenia-absolwentow-kaliskiej-samochodowki","status":"publish","type":"post","link":"https:\/\/www.sadeckasamochodowka.pl\/?p=3979","title":{"rendered":"Wizyta delegacji Stowarzyszenia Absolwent\u00f3w Kaliskiej Samochod\u00f3wki"},"content":{"rendered":"<p>W dniach 17-18 stycznia z przyjacielsk\u0105 wizyt\u0105 przyjechali do nas koledzy ze Stowarzyszenia Absolwent\u00f3w Kaliskiej Samochod\u00f3wki. Wsp\u00f3lnie z dyrekcj\u0105 <span class=\"html-span xdj266r x11i5rnm xat24cr x1mh8g0r xexx8yu x4uap5 x18d9i69 xkhd6sd x1hl2dhg x16tdsg8 x1vvkbs\"><a class=\"x1i10hfl xjbqb8w x1ejq31n xd10rxx x1sy0etr x17r0tee x972fbf xcfux6l x1qhh985 xm0m39n x9f619 x1ypdohk xt0psk2 xe8uvvx xdj266r x11i5rnm xat24cr x1mh8g0r xexx8yu x4uap5 x18d9i69 xkhd6sd x16tdsg8 x1hl2dhg xggy1nq x1a2a7pz x1sur9pj xkrqix3 x1fey0fg x1s688f\" tabindex=\"0\" role=\"link\" href=\"https:\/\/www.facebook.com\/zssnowysacz?__cft__[0]=AZVBbfHGkQkskQUEjsWz58UCsyYC3XJlhpaLzAawQIKYLhWO45l4-iE5-TF7h0y7JSQABjGbf5aZXTyVGzGHV595PuXeXIHs5jAPeIk2qEnCMhPZZ7256Q3HDzmLjBCCjOh9Su2zxU2BrDyx7FqhZEWnJ81CjukQPoaaPzvhzVIFv5ORp51uc2T9e12ow9nkERU&amp;__tn__=-]K-R\"><span class=\"xt0psk2\"><span class=\"xjp7ctv\"><span aria-describedby=\":rjo:\">Zesp\u00f3\u0142 Szk\u00f3\u0142 Samochodowych &#8211; Nowy S\u0105cz<\/span><\/span><\/span><\/a><\/span> obejrzeli\u015bmy warsztaty szkolne oraz szko\u0142\u0119. Go\u015bcie byli pod ogromnym wra\u017ceniem budynku i atmosfery S\u0105deckiej Samochod\u00f3wki. Pokazali\u015bmy naszym kolegom r\u00f3wnie\u017c poprzedni\u0105 siedzib\u0119 szko\u0142y, oraz zabytkowe centrum naszego miasta. Wieczorem spotkali\u015bmy si\u0119 towarzysko wraz dyrekcj\u0105 szko\u0142y w <span class=\"html-span xdj266r x11i5rnm xat24cr x1mh8g0r xexx8yu x4uap5 x18d9i69 xkhd6sd x1hl2dhg x16tdsg8 x1vvkbs\"><a class=\"x1i10hfl xjbqb8w x1ejq31n xd10rxx x1sy0etr x17r0tee x972fbf xcfux6l x1qhh985 xm0m39n x9f619 x1ypdohk xt0psk2 xe8uvvx xdj266r x11i5rnm xat24cr x1mh8g0r xexx8yu x4uap5 x18d9i69 xkhd6sd x16tdsg8 x1hl2dhg xggy1nq x1a2a7pz x1sur9pj xkrqix3 x1fey0fg x1s688f\" tabindex=\"0\" role=\"link\" href=\"https:\/\/www.facebook.com\/Hotel.Litwinski?__cft__[0]=AZVBbfHGkQkskQUEjsWz58UCsyYC3XJlhpaLzAawQIKYLhWO45l4-iE5-TF7h0y7JSQABjGbf5aZXTyVGzGHV595PuXeXIHs5jAPeIk2qEnCMhPZZ7256Q3HDzmLjBCCjOh9Su2zxU2BrDyx7FqhZEWnJ81CjukQPoaaPzvhzVIFv5ORp51uc2T9e12ow9nkERU&amp;__tn__=-]K-R\"><span class=\"xt0psk2\"><span class=\"xjp7ctv\"><span aria-describedby=\":rnv:\">Hotel Litwi\u0144ski<\/span><\/span><\/span><\/a><\/span>. W sobot\u0119 od rana roboczo dyskutowali\u015bmy na temat planowanego I Og\u00f3lnopolskiego Zjazdu Absolwent\u00f3w Szk\u00f3\u0142 Samochodowych, kt\u00f3ry ma si\u0119 odby\u0107 w tym roku w Kaliszu. KOlejny zjazd planowany jest u nas w Nowym S\u0105czu. Oczywi\u015bcie b\u0119dziemy Was informowa\u0107 na bie\u017c\u0105co o post\u0119pach przygotowa\u0144.<\/p>\n<p>Powo\u0142ano komitet organizacyjny w sk\u0142adzie:<\/p>\n<table style=\"width: 101.053%;\" width=\"663\">\n<tbody>\n<tr>\n<td style=\"text-align: center; width: 9.81873%; background-color: #ffe600;\" width=\"64\"><strong>Lp<\/strong><\/td>\n<td style=\"text-align: center; width: 23.716%; background-color: #ffe600;\" width=\"157\"><strong>Imi\u0119 i\u00a0 nazwisko<\/strong><\/td>\n<td style=\"text-align: center; width: 77.1936%; background-color: #ffe600;\" width=\"442\"><strong>Funkcja<\/strong><\/td>\n<\/tr>\n<tr>\n<td style=\"text-align: center; width: 9.81873%;\">1<\/td>\n<td style=\"width: 23.716%;\">Roman Filipiak<\/td>\n<td style=\"width: 77.1936%;\">Prezes Stowarzyszenia Absolwent\u00f3w Kaliskiej Samochod\u00f3wki<\/td>\n<\/tr>\n<tr>\n<td style=\"text-align: center; width: 9.81873%;\">2<\/td>\n<td style=\"width: 23.716%;\">Marek Bogusz<\/td>\n<td style=\"width: 77.1936%;\">Wiceprezes Stowarzyszenia Absolwent\u00f3w Kaliskiej Samochod\u00f3wki<\/td>\n<\/tr>\n<tr>\n<td style=\"text-align: center; width: 9.81873%;\">3<\/td>\n<td style=\"width: 23.716%;\">Tomasz St\u0119pniak<\/td>\n<td style=\"width: 77.1936%;\">Dyrektor Zespo\u0142u Szk\u00f3\u0142 Samochodowych w Kaliszu<\/td>\n<\/tr>\n<tr>\n<td style=\"text-align: center; width: 9.81873%;\">4<\/td>\n<td style=\"width: 23.716%;\">Dariusz Krupa<\/td>\n<td style=\"width: 77.1936%;\">Prezes Stowarzyszenia S\u0105decka Samochod\u00f3wka<\/td>\n<\/tr>\n<tr>\n<td style=\"text-align: center; width: 9.81873%;\">5<\/td>\n<td style=\"width: 23.716%;\">Piotr Litwi\u0144ski<\/td>\n<td style=\"width: 77.1936%;\">Wiceprezes Stowarzyszenia S\u0105decka Samochod\u00f3wka<\/td>\n<\/tr>\n<tr>\n<td style=\"text-align: center; width: 9.81873%;\">6<\/td>\n<td style=\"width: 23.716%;\">Edyta D\u0105browska<\/td>\n<td style=\"width: 77.1936%;\">Zast\u0119pca Dyrektora Zespo\u0142u Szk\u00f3\u0142 Samochodowych w Nowym S\u0105czu<\/td>\n<\/tr>\n<\/tbody>\n<\/table>\n<p>&nbsp;<\/p>\n<table class=\" aligncenter\" style=\"width: 100%; border-collapse: collapse;\">\n<tbody>\n<tr>\n<td style=\"width: 33.3333%;\"><a href=\"https:\/\/www.sadeckasamochodowka.pl\/wp-content\/uploads\/2025\/01\/Zdjecie-WhatsApp-2025-01-18-o-15.38.52_650f4344.jpg\"><img fetchpriority=\"high\" decoding=\"async\" class=\"aligncenter size-medium wp-image-3986\" src=\"https:\/\/www.sadeckasamochodowka.pl\/wp-content\/uploads\/2025\/01\/Zdjecie-WhatsApp-2025-01-18-o-15.38.52_650f4344-300x209.jpg\" alt=\"\" width=\"300\" height=\"209\" srcset=\"https:\/\/www.sadeckasamochodowka.pl\/wp-content\/uploads\/2025\/01\/Zdjecie-WhatsApp-2025-01-18-o-15.38.52_650f4344-300x209.jpg 300w, https:\/\/www.sadeckasamochodowka.pl\/wp-content\/uploads\/2025\/01\/Zdjecie-WhatsApp-2025-01-18-o-15.38.52_650f4344-1024x712.jpg 1024w, https:\/\/www.sadeckasamochodowka.pl\/wp-content\/uploads\/2025\/01\/Zdjecie-WhatsApp-2025-01-18-o-15.38.52_650f4344-768x534.jpg 768w, https:\/\/www.sadeckasamochodowka.pl\/wp-content\/uploads\/2025\/01\/Zdjecie-WhatsApp-2025-01-18-o-15.38.52_650f4344-1536x1068.jpg 1536w, https:\/\/www.sadeckasamochodowka.pl\/wp-content\/uploads\/2025\/01\/Zdjecie-WhatsApp-2025-01-18-o-15.38.52_650f4344-200x139.jpg 200w, https:\/\/www.sadeckasamochodowka.pl\/wp-content\/uploads\/2025\/01\/Zdjecie-WhatsApp-2025-01-18-o-15.38.52_650f4344-690x480.jpg 690w, https:\/\/www.sadeckasamochodowka.pl\/wp-content\/uploads\/2025\/01\/Zdjecie-WhatsApp-2025-01-18-o-15.38.52_650f4344.jpg 1600w\" sizes=\"(max-width: 300px) 100vw, 300px\" \/><\/a><\/td>\n<td style=\"width: 33.3333%;\"><a href=\"https:\/\/www.sadeckasamochodowka.pl\/wp-content\/uploads\/2025\/01\/20250117_161233.jpg\"><img decoding=\"async\" class=\"aligncenter size-medium wp-image-3981\" src=\"https:\/\/www.sadeckasamochodowka.pl\/wp-content\/uploads\/2025\/01\/20250117_161233-300x169.jpg\" alt=\"\" width=\"300\" height=\"169\" srcset=\"https:\/\/www.sadeckasamochodowka.pl\/wp-content\/uploads\/2025\/01\/20250117_161233-300x169.jpg 300w, https:\/\/www.sadeckasamochodowka.pl\/wp-content\/uploads\/2025\/01\/20250117_161233-1024x577.jpg 1024w, https:\/\/www.sadeckasamochodowka.pl\/wp-content\/uploads\/2025\/01\/20250117_161233-768x432.jpg 768w, https:\/\/www.sadeckasamochodowka.pl\/wp-content\/uploads\/2025\/01\/20250117_161233-1536x865.jpg 1536w, https:\/\/www.sadeckasamochodowka.pl\/wp-content\/uploads\/2025\/01\/20250117_161233-2048x1153.jpg 2048w, https:\/\/www.sadeckasamochodowka.pl\/wp-content\/uploads\/2025\/01\/20250117_161233-200x113.jpg 200w, https:\/\/www.sadeckasamochodowka.pl\/wp-content\/uploads\/2025\/01\/20250117_161233-690x389.jpg 690w\" sizes=\"(max-width: 300px) 100vw, 300px\" \/><\/a><\/td>\n<td style=\"width: 33.3333%;\"><a href=\"https:\/\/www.sadeckasamochodowka.pl\/wp-content\/uploads\/2025\/01\/20250117_171403.jpg\"><img decoding=\"async\" class=\"aligncenter size-medium wp-image-3983\" src=\"https:\/\/www.sadeckasamochodowka.pl\/wp-content\/uploads\/2025\/01\/20250117_171403-300x169.jpg\" alt=\"\" width=\"300\" height=\"169\" srcset=\"https:\/\/www.sadeckasamochodowka.pl\/wp-content\/uploads\/2025\/01\/20250117_171403-300x169.jpg 300w, https:\/\/www.sadeckasamochodowka.pl\/wp-content\/uploads\/2025\/01\/20250117_171403-1024x576.jpg 1024w, https:\/\/www.sadeckasamochodowka.pl\/wp-content\/uploads\/2025\/01\/20250117_171403-768x432.jpg 768w, https:\/\/www.sadeckasamochodowka.pl\/wp-content\/uploads\/2025\/01\/20250117_171403-1536x865.jpg 1536w, https:\/\/www.sadeckasamochodowka.pl\/wp-content\/uploads\/2025\/01\/20250117_171403-2048x1153.jpg 2048w, https:\/\/www.sadeckasamochodowka.pl\/wp-content\/uploads\/2025\/01\/20250117_171403-200x113.jpg 200w, https:\/\/www.sadeckasamochodowka.pl\/wp-content\/uploads\/2025\/01\/20250117_171403-690x388.jpg 690w\" sizes=\"(max-width: 300px) 100vw, 300px\" \/><\/a><\/td>\n<\/tr>\n<tr>\n<td style=\"width: 33.3333%;\"><a href=\"https:\/\/www.sadeckasamochodowka.pl\/wp-content\/uploads\/2025\/01\/20250117_171356.jpg\"><img loading=\"lazy\" decoding=\"async\" class=\"aligncenter size-medium wp-image-3982\" src=\"https:\/\/www.sadeckasamochodowka.pl\/wp-content\/uploads\/2025\/01\/20250117_171356-300x169.jpg\" alt=\"\" width=\"300\" height=\"169\" srcset=\"https:\/\/www.sadeckasamochodowka.pl\/wp-content\/uploads\/2025\/01\/20250117_171356-300x169.jpg 300w, https:\/\/www.sadeckasamochodowka.pl\/wp-content\/uploads\/2025\/01\/20250117_171356-1024x576.jpg 1024w, https:\/\/www.sadeckasamochodowka.pl\/wp-content\/uploads\/2025\/01\/20250117_171356-768x432.jpg 768w, https:\/\/www.sadeckasamochodowka.pl\/wp-content\/uploads\/2025\/01\/20250117_171356-1536x865.jpg 1536w, https:\/\/www.sadeckasamochodowka.pl\/wp-content\/uploads\/2025\/01\/20250117_171356-200x113.jpg 200w, https:\/\/www.sadeckasamochodowka.pl\/wp-content\/uploads\/2025\/01\/20250117_171356-690x388.jpg 690w, https:\/\/www.sadeckasamochodowka.pl\/wp-content\/uploads\/2025\/01\/20250117_171356.jpg 1954w\" sizes=\"(max-width: 300px) 100vw, 300px\" \/><\/a><\/td>\n<td style=\"width: 33.3333%;\"><a href=\"https:\/\/www.sadeckasamochodowka.pl\/wp-content\/uploads\/2025\/01\/20250117_171718-rotated.jpg\"><img loading=\"lazy\" decoding=\"async\" class=\"aligncenter size-medium wp-image-3984\" src=\"https:\/\/www.sadeckasamochodowka.pl\/wp-content\/uploads\/2025\/01\/20250117_171718-169x300.jpg\" alt=\"\" width=\"169\" height=\"300\" srcset=\"https:\/\/www.sadeckasamochodowka.pl\/wp-content\/uploads\/2025\/01\/20250117_171718-169x300.jpg 169w, https:\/\/www.sadeckasamochodowka.pl\/wp-content\/uploads\/2025\/01\/20250117_171718-577x1024.jpg 577w, https:\/\/www.sadeckasamochodowka.pl\/wp-content\/uploads\/2025\/01\/20250117_171718-768x1364.jpg 768w, https:\/\/www.sadeckasamochodowka.pl\/wp-content\/uploads\/2025\/01\/20250117_171718-865x1536.jpg 865w, https:\/\/www.sadeckasamochodowka.pl\/wp-content\/uploads\/2025\/01\/20250117_171718-200x355.jpg 200w, https:\/\/www.sadeckasamochodowka.pl\/wp-content\/uploads\/2025\/01\/20250117_171718-690x1225.jpg 690w, https:\/\/www.sadeckasamochodowka.pl\/wp-content\/uploads\/2025\/01\/20250117_171718-rotated.jpg 1151w\" sizes=\"(max-width: 169px) 100vw, 169px\" \/><\/a><\/td>\n<td style=\"width: 33.3333%;\"><a href=\"https:\/\/www.sadeckasamochodowka.pl\/wp-content\/uploads\/2025\/01\/Zdjecie-WhatsApp-2025-01-18-o-09.09.32_71ac4724.jpg\"><img loading=\"lazy\" decoding=\"async\" class=\"aligncenter size-medium wp-image-3985\" src=\"https:\/\/www.sadeckasamochodowka.pl\/wp-content\/uploads\/2025\/01\/Zdjecie-WhatsApp-2025-01-18-o-09.09.32_71ac4724-225x300.jpg\" alt=\"\" width=\"225\" height=\"300\" srcset=\"https:\/\/www.sadeckasamochodowka.pl\/wp-content\/uploads\/2025\/01\/Zdjecie-WhatsApp-2025-01-18-o-09.09.32_71ac4724-225x300.jpg 225w, https:\/\/www.sadeckasamochodowka.pl\/wp-content\/uploads\/2025\/01\/Zdjecie-WhatsApp-2025-01-18-o-09.09.32_71ac4724-768x1024.jpg 768w, https:\/\/www.sadeckasamochodowka.pl\/wp-content\/uploads\/2025\/01\/Zdjecie-WhatsApp-2025-01-18-o-09.09.32_71ac4724-1152x1536.jpg 1152w, https:\/\/www.sadeckasamochodowka.pl\/wp-content\/uploads\/2025\/01\/Zdjecie-WhatsApp-2025-01-18-o-09.09.32_71ac4724-200x267.jpg 200w, https:\/\/www.sadeckasamochodowka.pl\/wp-content\/uploads\/2025\/01\/Zdjecie-WhatsApp-2025-01-18-o-09.09.32_71ac4724-690x920.jpg 690w, https:\/\/www.sadeckasamochodowka.pl\/wp-content\/uploads\/2025\/01\/Zdjecie-WhatsApp-2025-01-18-o-09.09.32_71ac4724.jpg 1530w\" sizes=\"(max-width: 225px) 100vw, 225px\" \/><\/a><\/td>\n<\/tr>\n<tr>\n<td style=\"width: 33.3333%;\"><\/td>\n<td style=\"width: 33.3333%;\"><a href=\"https:\/\/www.sadeckasamochodowka.pl\/wp-content\/uploads\/2025\/01\/20250117_160636.jpg\"><img loading=\"lazy\" decoding=\"async\" class=\"aligncenter size-medium wp-image-3980\" src=\"https:\/\/www.sadeckasamochodowka.pl\/wp-content\/uploads\/2025\/01\/20250117_160636-300x169.jpg\" alt=\"\" width=\"300\" height=\"169\" srcset=\"https:\/\/www.sadeckasamochodowka.pl\/wp-content\/uploads\/2025\/01\/20250117_160636-300x169.jpg 300w, https:\/\/www.sadeckasamochodowka.pl\/wp-content\/uploads\/2025\/01\/20250117_160636-1024x576.jpg 1024w, https:\/\/www.sadeckasamochodowka.pl\/wp-content\/uploads\/2025\/01\/20250117_160636-768x432.jpg 768w, https:\/\/www.sadeckasamochodowka.pl\/wp-content\/uploads\/2025\/01\/20250117_160636-1536x864.jpg 1536w, https:\/\/www.sadeckasamochodowka.pl\/wp-content\/uploads\/2025\/01\/20250117_160636-2048x1152.jpg 2048w, https:\/\/www.sadeckasamochodowka.pl\/wp-content\/uploads\/2025\/01\/20250117_160636-200x113.jpg 200w, https:\/\/www.sadeckasamochodowka.pl\/wp-content\/uploads\/2025\/01\/20250117_160636-690x388.jpg 690w\" sizes=\"(max-width: 300px) 100vw, 300px\" \/><\/a><\/td>\n<td style=\"width: 33.3333%;\"><\/td>\n<\/tr>\n<\/tbody>\n<\/table>\n<p>&nbsp;<\/p>\n","protected":false},"excerpt":{"rendered":"<p>W dniach 17-18 stycznia z przyjacielsk\u0105 wizyt\u0105 przyjechali do nas koledzy ze Stowarzyszenia Absolwent\u00f3w Kaliskiej Samochod\u00f3wki. Wsp\u00f3lnie z dyrekcj\u0105 Zesp\u00f3\u0142&nbsp;[&hellip;]<\/p>\n","protected":false},"author":2,"featured_media":3986,"comment_status":"open","ping_status":"open","sticky":false,"template":"","format":"standard","meta":{"footnotes":""},"categories":[6,7,1],"tags":[110,97,55,21],"class_list":["post-3979","post","type-post","status-publish","format-standard","has-post-thumbnail","hentry","category-aktualnosci","category-aktualnosci-ze-szkoly","category-bez-kategorii","tag-kaliska-samochodowka","tag-szkoly-samochodowe","tag-zjazd","tag-zjazd-absolwentow","post-item clearfix"],"_links":{"self":[{"href":"https:\/\/www.sadeckasamochodowka.pl\/index.php?rest_route=\/wp\/v2\/posts\/3979","targetHints":{"allow":["GET"]}}],"collection":[{"href":"https:\/\/www.sadeckasamochodowka.pl\/index.php?rest_route=\/wp\/v2\/posts"}],"about":[{"href":"https:\/\/www.sadeckasamochodowka.pl\/index.php?rest_route=\/wp\/v2\/types\/post"}],"author":[{"embeddable":true,"href":"https:\/\/www.sadeckasamochodowka.pl\/index.php?rest_route=\/wp\/v2\/users\/2"}],"replies":[{"embeddable":true,"href":"https:\/\/www.sadeckasamochodowka.pl\/index.php?rest_route=%2Fwp%2Fv2%2Fcomments&post=3979"}],"version-history":[{"count":1,"href":"https:\/\/www.sadeckasamochodowka.pl\/index.php?rest_route=\/wp\/v2\/posts\/3979\/revisions"}],"predecessor-version":[{"id":3987,"href":"https:\/\/www.sadeckasamochodowka.pl\/index.php?rest_route=\/wp\/v2\/posts\/3979\/revisions\/3987"}],"wp:featuredmedia":[{"embeddable":true,"href":"https:\/\/www.sadeckasamochodowka.pl\/index.php?rest_route=\/wp\/v2\/media\/3986"}],"wp:attachment":[{"href":"https:\/\/www.sadeckasamochodowka.pl\/index.php?rest_route=%2Fwp%2Fv2%2Fmedia&parent=3979"}],"wp:term":[{"taxonomy":"category","embeddable":true,"href":"https:\/\/www.sadeckasamochodowka.pl\/index.php?rest_route=%2Fwp%2Fv2%2Fcategories&post=3979"},{"taxonomy":"post_tag","embeddable":true,"href":"https:\/\/www.sadeckasamochodowka.pl\/index.php?rest_route=%2Fwp%2Fv2%2Ftags&post=3979"}],"curies":[{"name":"wp","href":"https:\/\/api.w.org\/{rel}","templated":true}]}}