{"id":3800,"date":"2024-02-12T21:44:06","date_gmt":"2024-02-12T20:44:06","guid":{"rendered":"https:\/\/www.sadeckasamochodowka.pl\/?p=3800"},"modified":"2024-02-12T21:44:06","modified_gmt":"2024-02-12T20:44:06","slug":"sportowcy-do-pior","status":"publish","type":"post","link":"https:\/\/www.sadeckasamochodowka.pl\/?p=3800","title":{"rendered":"Sportowcy do pi\u00f3r"},"content":{"rendered":"<p><span style=\"color: #ff0000;\"><strong>Sportowcy do pi\u00f3r!<\/strong><\/span><\/p>\n<p><span style=\"color: #ff0000;\"><strong>Szanowni i Drodzy Absolwenci!<\/strong><\/span><\/p>\n<p>Jak ten czas leci\u2026 Jeszcze w pami\u0119ci, jakby to by\u0142o wczoraj, mamy przygotowania do pi\u0119knego jubileuszu 65-lecia Zespo\u0142u Szk\u00f3\u0142 Samochodowych, naszej Samochod\u00f3wki. Pami\u0119tamy, \u017ce rygory pandemii koronawirusa popsu\u0142y nam szyki i nie pozwoli\u0142y zrealizowa\u0107 ambitnych plan\u00f3w jubileuszowych obchod\u00f3w. A do\u015bwiadczenia z sympatycznego alertu Was &#8211; Absolwent\u00f3w, grona nauczycielskiego i, oczywi\u015bcie, cz\u0142onk\u00f3w naszego Stowarzyszenia przed pi\u0119cioma, sze\u015bcioma laty ka\u017c\u0105 nam ju\u017c teraz rozpocz\u0105\u0107 przygotowania do kolejnego, jeszcze zacniejszego jubileuszu Szko\u0142y: 70-lecia.<\/p>\n<p>Mamy nadziej\u0119, \u017ce tym razem \u017cadne pandemonium nie przeszkodzi nam w obchodach.<\/p>\n<p>Tym razem mamy zamiar uczci\u0107 \u201elecie\u201d Samochod\u00f3wki dwoma(!) albumowymi wydawnictwami: kronik\u0105 sportu szkolnego i wspomnieniami absolwent\u00f3w pod has\u0142em: \u201eOpowiedz mi swoj\u0105 histori\u0119!\u201d<\/p>\n<p><span style=\"color: #ff0000;\"><strong>Sportowcy do pi\u00f3r!<\/strong><\/span><\/p>\n<p>Dzi\u0119ki mr\u00f3wczej pracy wuefist\u00f3w Samochod\u00f3wki, przede wszystkim Leszka Sowy i Jerzego Galary jeste\u015bmy bardzo zaawansowani w przygotowaniu wydawnictwa \u2013 kroniki dokumentuj\u0105cej wydarzenia sportowe i sportowc\u00f3w \u2013 dzisiaj absolwent\u00f3w &#8211; naszej Szko\u0142y, te mniejsze \u2013 szkolne, te wi\u0119ksze \u2013 na arenie miasta, wojew\u00f3dztwa, te bardziej znacz\u0105ce \u2013 krajowe, a nawet \u2013 olimpijskie!<\/p>\n<p>Chcemy, by publikacja by\u0142a mo\u017cliwie pe\u0142nym kompendium wiedzy o wynikach, zawodnikach, trenerach \u2013 wuefistach i wydarzeniach na r\u00f3\u017cnych sportowych arenach. Dzi\u0119ki panom: Leszkowi Sowie i Jerzemu Galarze wiemy bardzo wiele, ale chcemy, by\u015bcie do redagowania wydawnictwa w\u0142\u0105czyli si\u0119 tak\u017ce Wy \u2013 nasi Szanowni Absolwenci.<\/p>\n<p>Czekamy i liczymy na Wasze \u2013 nawet kr\u00f3tkie, wspomnienia ze sportowej rywalizacji w ka\u017cdej dyscyplinie sportowej reprezentowanej w minionych latach w Samochod\u00f3wce.<\/p>\n<p>Czekamy i liczymy na Wasze podpowiedzi i sugestie, by\u015bmy nie zapomnieli o \u017cadnym wydarzeniu z udzia\u0142em uczni\u00f3w &#8211; sportowc\u00f3w naszej Szko\u0142y.<\/p>\n<p>Czekamy i liczymy na wspominki tak\u017ce tych, kt\u00f3rzy, je\u015bli nie startowali, to kibicowali swoim kole\u017cankom i kolegom.<\/p>\n<p>Czekamy i liczymy na wspominki z lekcji i zaj\u0119\u0107 WF-u.<\/p>\n<p>Czekamy i liczymy na wspomnienia o Waszych trenerach i nauczycielach WF-u,<\/p>\n<p>Czekamy i liczymy na zdj\u0119cia, z bli\u017cszej i dalszej przesz\u0142o\u015bci, dokumentuj\u0105ce Wasz \u2013 Drodzy Absolwenci \u2013 udzia\u0142 w sportowym \u017cyciu Samochod\u00f3wki\u2026<\/p>\n<p>Czekamy na Wasze teksty &#8211; wspominki, zdj\u0119cia, propozycje i sugestie.<\/p>\n<p>Kontaktujcie si\u0119 z nami poprzez e-mail:<span style=\"color: #ff0000;\"><strong>sport@sadeckasamochodowka.pl<\/strong><\/span><\/p>\n","protected":false},"excerpt":{"rendered":"<p>Sportowcy do pi\u00f3r! Szanowni i Drodzy Absolwenci! Jak ten czas leci\u2026 Jeszcze w pami\u0119ci, jakby to by\u0142o wczoraj, mamy przygotowania&nbsp;[&hellip;]<\/p>\n","protected":false},"author":2,"featured_media":3801,"comment_status":"open","ping_status":"open","sticky":false,"template":"","format":"standard","meta":{"footnotes":""},"categories":[6,7,1,5],"tags":[],"class_list":["post-3800","post","type-post","status-publish","format-standard","has-post-thumbnail","hentry","category-aktualnosci","category-aktualnosci-ze-szkoly","category-bez-kategorii","category-komunikaty-informacje","post-item clearfix"],"_links":{"self":[{"href":"https:\/\/www.sadeckasamochodowka.pl\/index.php?rest_route=\/wp\/v2\/posts\/3800","targetHints":{"allow":["GET"]}}],"collection":[{"href":"https:\/\/www.sadeckasamochodowka.pl\/index.php?rest_route=\/wp\/v2\/posts"}],"about":[{"href":"https:\/\/www.sadeckasamochodowka.pl\/index.php?rest_route=\/wp\/v2\/types\/post"}],"author":[{"embeddable":true,"href":"https:\/\/www.sadeckasamochodowka.pl\/index.php?rest_route=\/wp\/v2\/users\/2"}],"replies":[{"embeddable":true,"href":"https:\/\/www.sadeckasamochodowka.pl\/index.php?rest_route=%2Fwp%2Fv2%2Fcomments&post=3800"}],"version-history":[{"count":1,"href":"https:\/\/www.sadeckasamochodowka.pl\/index.php?rest_route=\/wp\/v2\/posts\/3800\/revisions"}],"predecessor-version":[{"id":3802,"href":"https:\/\/www.sadeckasamochodowka.pl\/index.php?rest_route=\/wp\/v2\/posts\/3800\/revisions\/3802"}],"wp:featuredmedia":[{"embeddable":true,"href":"https:\/\/www.sadeckasamochodowka.pl\/index.php?rest_route=\/wp\/v2\/media\/3801"}],"wp:attachment":[{"href":"https:\/\/www.sadeckasamochodowka.pl\/index.php?rest_route=%2Fwp%2Fv2%2Fmedia&parent=3800"}],"wp:term":[{"taxonomy":"category","embeddable":true,"href":"https:\/\/www.sadeckasamochodowka.pl\/index.php?rest_route=%2Fwp%2Fv2%2Fcategories&post=3800"},{"taxonomy":"post_tag","embeddable":true,"href":"https:\/\/www.sadeckasamochodowka.pl\/index.php?rest_route=%2Fwp%2Fv2%2Ftags&post=3800"}],"curies":[{"name":"wp","href":"https:\/\/api.w.org\/{rel}","templated":true}]}}